{"id":3078,"date":"2023-06-23T05:00:26","date_gmt":"2023-06-23T04:00:26","guid":{"rendered":"https:\/\/www.cardelaine.fr\/blog\/?p=3078"},"modified":"2023-06-23T05:02:11","modified_gmt":"2023-06-23T04:02:11","slug":"canape-modulable","status":"publish","type":"post","link":"https:\/\/www.cardelaine.fr\/blog\/canape-modulable\/","title":{"rendered":"CANAPE MODULABLE"},"content":{"rendered":"\n<figure class=\"wp-block-image size-large\"><a href=\"https:\/\/www.cardelaine.fr\/blog\/wp-content\/uploads\/89.jpg\"><img loading=\"lazy\" decoding=\"async\" width=\"1024\" height=\"683\" src=\"https:\/\/www.cardelaine.fr\/blog\/wp-content\/uploads\/89-1024x683.jpg\" alt=\"\" class=\"wp-image-3079\" srcset=\"https:\/\/www.cardelaine.fr\/blog\/wp-content\/uploads\/89-1024x683.jpg 1024w, https:\/\/www.cardelaine.fr\/blog\/wp-content\/uploads\/89-300x200.jpg 300w, https:\/\/www.cardelaine.fr\/blog\/wp-content\/uploads\/89-150x100.jpg 150w, https:\/\/www.cardelaine.fr\/blog\/wp-content\/uploads\/89-768x512.jpg 768w, https:\/\/www.cardelaine.fr\/blog\/wp-content\/uploads\/89.jpg 1200w\" sizes=\"(max-width: 1024px) 100vw, 1024px\" \/><\/a><\/figure>\n\n\n\n<p>Cardelaine vous propose son<a href=\"https:\/\/cardelaine.fr\/produit\/canape-modulable\/\" target=\"_blank\" rel=\"noreferrer noopener\"> canap\u00e9 modulable <\/a>et intemporel confectionn\u00e9 avec un tissu bouclette.<\/p>\n\n\n\n<p>Droit, en L, les compositions sont multiples pour agencer votre int\u00e9rieur avec un caract\u00e8re doux et raffin\u00e9.<\/p>\n\n\n\n<p>Ce canap\u00e9 enti\u00e8rement modulable aux formes cubiques deviendra la pi\u00e8ce maitresse de votre s\u00e9jour. Il est form\u00e9 de blocs moelleux et de grandes assises, larges et profondes pour un confort in\u00e9galable. L\u2019alliance parfaite de la modernit\u00e9 et du confort.\u00a0<\/p>\n\n\n\n<figure class=\"wp-block-image size-full\"><a href=\"https:\/\/www.cardelaine.fr\/blog\/wp-content\/uploads\/ATLAS-001-CANAPE-MODULABLE.png\"><img loading=\"lazy\" decoding=\"async\" width=\"951\" height=\"647\" src=\"https:\/\/www.cardelaine.fr\/blog\/wp-content\/uploads\/ATLAS-001-CANAPE-MODULABLE.png\" alt=\"\" class=\"wp-image-3080\" srcset=\"https:\/\/www.cardelaine.fr\/blog\/wp-content\/uploads\/ATLAS-001-CANAPE-MODULABLE.png 951w, https:\/\/www.cardelaine.fr\/blog\/wp-content\/uploads\/ATLAS-001-CANAPE-MODULABLE-300x204.png 300w, https:\/\/www.cardelaine.fr\/blog\/wp-content\/uploads\/ATLAS-001-CANAPE-MODULABLE-150x102.png 150w, https:\/\/www.cardelaine.fr\/blog\/wp-content\/uploads\/ATLAS-001-CANAPE-MODULABLE-768x522.png 768w\" sizes=\"(max-width: 951px) 100vw, 951px\" \/><\/a><\/figure>\n\n\n\n<pre id=\"tw-target-text\" class=\"wp-block-preformatted\"><strong>MODELE PROPOSE\n\n1 BLOC DEPART ACCOUDOIR et DOSSIER132 x107x68<\/strong>\n<strong>2 BLOCS DOSSIER 103x107x68\n1 BLOC COIN 103x107x68<\/strong><\/pre>\n\n\n\n<div class=\"wp-block-buttons is-layout-flex wp-block-buttons-is-layout-flex\">\n<div class=\"wp-block-button\"><a class=\"wp-block-button__link wp-element-button\" href=\"https:\/\/cardelaine.fr\/produit\/canape-modulable\/\" target=\"_blank\" rel=\"noreferrer noopener\">ACHETER MAINTENANT<\/a><\/div>\n<\/div>\n\n\n\n<figure class=\"wp-block-image size-full\"><a href=\"https:\/\/www.cardelaine.fr\/blog\/wp-content\/uploads\/ambiance-naos-1.jpg\"><img loading=\"lazy\" decoding=\"async\" width=\"490\" height=\"692\" src=\"https:\/\/www.cardelaine.fr\/blog\/wp-content\/uploads\/ambiance-naos-1.jpg\" alt=\"\" class=\"wp-image-3081\" srcset=\"https:\/\/www.cardelaine.fr\/blog\/wp-content\/uploads\/ambiance-naos-1.jpg 490w, https:\/\/www.cardelaine.fr\/blog\/wp-content\/uploads\/ambiance-naos-1-212x300.jpg 212w, https:\/\/www.cardelaine.fr\/blog\/wp-content\/uploads\/ambiance-naos-1-106x150.jpg 106w\" sizes=\"(max-width: 490px) 100vw, 490px\" \/><\/a><\/figure>\n\n\n\n<figure class=\"wp-block-image size-full\"><a href=\"https:\/\/www.cardelaine.fr\/blog\/wp-content\/uploads\/reykjavik-1.jpg\"><img loading=\"lazy\" decoding=\"async\" width=\"539\" height=\"646\" src=\"https:\/\/www.cardelaine.fr\/blog\/wp-content\/uploads\/reykjavik-1.jpg\" alt=\"\" class=\"wp-image-3082\" srcset=\"https:\/\/www.cardelaine.fr\/blog\/wp-content\/uploads\/reykjavik-1.jpg 539w, https:\/\/www.cardelaine.fr\/blog\/wp-content\/uploads\/reykjavik-1-250x300.jpg 250w, https:\/\/www.cardelaine.fr\/blog\/wp-content\/uploads\/reykjavik-1-125x150.jpg 125w\" sizes=\"(max-width: 539px) 100vw, 539px\" \/><\/a><\/figure>\n","protected":false},"excerpt":{"rendered":"<p>Cardelaine vous propose son canap\u00e9 modulable et intemporel confectionn\u00e9 avec un tissu bouclette. Droit, en L, les compositions sont multiples pour agencer votre int\u00e9rieur avec un caract\u00e8re doux et raffin\u00e9. Ce canap\u00e9 enti\u00e8rement modulable aux formes cubiques deviendra la pi\u00e8ce maitresse de votre s\u00e9jour. Il est form\u00e9 de blocs moelleux et de grandes assises, larges &hellip; <a href=\"https:\/\/www.cardelaine.fr\/blog\/canape-modulable\/\" class=\"more-link\">Continuer la lecture de <span class=\"screen-reader-text\">CANAPE MODULABLE<\/span>  <span class=\"meta-nav\">&rarr;<\/span><\/a><\/p>\n","protected":false},"author":1,"featured_media":3079,"comment_status":"closed","ping_status":"closed","sticky":false,"template":"","format":"standard","meta":{"sfsi_plus_gutenberg_text_before_share":"","sfsi_plus_gutenberg_show_text_before_share":"","sfsi_plus_gutenberg_icon_type":"","sfsi_plus_gutenberg_icon_alignemt":"","sfsi_plus_gutenburg_max_per_row":"","footnotes":""},"categories":[1],"tags":[],"_links":{"self":[{"href":"https:\/\/www.cardelaine.fr\/blog\/wp-json\/wp\/v2\/posts\/3078"}],"collection":[{"href":"https:\/\/www.cardelaine.fr\/blog\/wp-json\/wp\/v2\/posts"}],"about":[{"href":"https:\/\/www.cardelaine.fr\/blog\/wp-json\/wp\/v2\/types\/post"}],"author":[{"embeddable":true,"href":"https:\/\/www.cardelaine.fr\/blog\/wp-json\/wp\/v2\/users\/1"}],"replies":[{"embeddable":true,"href":"https:\/\/www.cardelaine.fr\/blog\/wp-json\/wp\/v2\/comments?post=3078"}],"version-history":[{"count":4,"href":"https:\/\/www.cardelaine.fr\/blog\/wp-json\/wp\/v2\/posts\/3078\/revisions"}],"predecessor-version":[{"id":3086,"href":"https:\/\/www.cardelaine.fr\/blog\/wp-json\/wp\/v2\/posts\/3078\/revisions\/3086"}],"wp:featuredmedia":[{"embeddable":true,"href":"https:\/\/www.cardelaine.fr\/blog\/wp-json\/wp\/v2\/media\/3079"}],"wp:attachment":[{"href":"https:\/\/www.cardelaine.fr\/blog\/wp-json\/wp\/v2\/media?parent=3078"}],"wp:term":[{"taxonomy":"category","embeddable":true,"href":"https:\/\/www.cardelaine.fr\/blog\/wp-json\/wp\/v2\/categories?post=3078"},{"taxonomy":"post_tag","embeddable":true,"href":"https:\/\/www.cardelaine.fr\/blog\/wp-json\/wp\/v2\/tags?post=3078"}],"curies":[{"name":"wp","href":"https:\/\/api.w.org\/{rel}","templated":true}]}}