{"id":3053,"date":"2023-06-10T16:21:29","date_gmt":"2023-06-10T15:21:29","guid":{"rendered":"https:\/\/www.cardelaine.fr\/blog\/?p=3053"},"modified":"2023-06-20T04:55:49","modified_gmt":"2023-06-20T03:55:49","slug":"le-matelas-en-laine-bio-toujours-tendance","status":"publish","type":"post","link":"https:\/\/www.cardelaine.fr\/blog\/le-matelas-en-laine-bio-toujours-tendance\/","title":{"rendered":"Le matelas en laine bio toujours tendance !"},"content":{"rendered":"\n<figure class=\"wp-block-image size-large is-style-rounded\"><a href=\"https:\/\/www.cardelaine.fr\/blog\/wp-content\/uploads\/20230130_114850-scaled.jpg\"><img loading=\"lazy\" decoding=\"async\" width=\"1024\" height=\"498\" src=\"https:\/\/www.cardelaine.fr\/blog\/wp-content\/uploads\/20230130_114850-1024x498.jpg\" alt=\"Matelas en laine bio\" class=\"wp-image-3054\" title=\"matelas bio toile en lin\" srcset=\"https:\/\/www.cardelaine.fr\/blog\/wp-content\/uploads\/20230130_114850-1024x498.jpg 1024w, https:\/\/www.cardelaine.fr\/blog\/wp-content\/uploads\/20230130_114850-300x146.jpg 300w, https:\/\/www.cardelaine.fr\/blog\/wp-content\/uploads\/20230130_114850-150x73.jpg 150w, https:\/\/www.cardelaine.fr\/blog\/wp-content\/uploads\/20230130_114850-768x373.jpg 768w, https:\/\/www.cardelaine.fr\/blog\/wp-content\/uploads\/20230130_114850-1536x747.jpg 1536w, https:\/\/www.cardelaine.fr\/blog\/wp-content\/uploads\/20230130_114850-2048x996.jpg 2048w\" sizes=\"(max-width: 1024px) 100vw, 1024px\" \/><\/a><\/figure>\n\n\n\n<p>Quoi de plus beau que de perp\u00e9tuer chez soi une tradition ancestrale avec un bon <a href=\"https:\/\/cardelaine.fr\/produit\/matelas-laine-bio\/\" target=\"_blank\" rel=\"noreferrer noopener\">matelas en laine<\/a> pour \u00e9quiper la chambre ?<\/p>\n\n\n\n<p>Qu&rsquo;il y a-t-il de plus noble que de c\u00e9l\u00e9brer la richesse du patrimoine artisanal des <a href=\"https:\/\/cardelaine.fr\/matelassier-litier\/\" target=\"_blank\" rel=\"noreferrer noopener\">matelassiers <\/a>fran\u00e7ais \u00e0 travers le matelas en laine de nos a\u00efeux ?<\/p>\n\n\n\n<p>Nos matelas bio sont fabriqu\u00e9s \u00e0 la main. Seul le travail m\u00e9canique de la cardeuse intervient dans notre processus. <\/p>\n\n\n\n<p>Toutes les coutures sont r\u00e9alis\u00e9es avec nos petites mains et beaucoup de patience.<\/p>\n\n\n\n<p>Le matelas en laine est un produit unique en son genre. Il est exclusivement compos\u00e9 de laine de mouton fran\u00e7ais issus d&rsquo;\u00e9levages biologiques. <\/p>\n\n\n\n<p>Un matelas durable, a\u00e9r\u00e9, qui ravira les dormeurs en qu\u00eate d\u2019un confort ferme.<\/p>\n\n\n\n<figure class=\"wp-block-image size-large\"><a href=\"https:\/\/www.cardelaine.fr\/blog\/wp-content\/uploads\/20230316_165023-scaled.jpg\"><img loading=\"lazy\" decoding=\"async\" width=\"1024\" height=\"706\" src=\"https:\/\/www.cardelaine.fr\/blog\/wp-content\/uploads\/20230316_165023-1024x706.jpg\" alt=\"Egalisation de la laine du matelas.\" class=\"wp-image-3055\" srcset=\"https:\/\/www.cardelaine.fr\/blog\/wp-content\/uploads\/20230316_165023-1024x706.jpg 1024w, https:\/\/www.cardelaine.fr\/blog\/wp-content\/uploads\/20230316_165023-300x207.jpg 300w, https:\/\/www.cardelaine.fr\/blog\/wp-content\/uploads\/20230316_165023-150x103.jpg 150w, https:\/\/www.cardelaine.fr\/blog\/wp-content\/uploads\/20230316_165023-768x529.jpg 768w, https:\/\/www.cardelaine.fr\/blog\/wp-content\/uploads\/20230316_165023-1536x1059.jpg 1536w, https:\/\/www.cardelaine.fr\/blog\/wp-content\/uploads\/20230316_165023-2048x1412.jpg 2048w\" sizes=\"(max-width: 1024px) 100vw, 1024px\" \/><\/a><\/figure>\n\n\n\n<p><strong>Toujours tendance !<\/strong><\/p>\n\n\n\n<p>De fines poign\u00e9es de laine biologique constituent le c\u0153ur de ce matelas remis au go\u00fbt du jour par Cardelaine.<\/p>\n\n\n\n<p> Envelopp\u00e9 d\u2019un solide <a href=\"https:\/\/cardelaine.fr\/nos-tissus\/\" target=\"_blank\" rel=\"noreferrer noopener\">coutil 100% coton biologique ou une toile en lin<\/a>, nous consacrons huit heures de travail pour obtenir cette finition capitonn\u00e9e \u00e0 la main.<\/p>\n\n\n\n<p> Un confort ferme pour un produit ind\u00e9modable qui regagne en succ\u00e8s pour son caract\u00e8re durable et local.<\/p>\n\n\n\n<figure class=\"wp-block-image size-large\"><a href=\"https:\/\/www.cardelaine.fr\/blog\/wp-content\/uploads\/20230224_125320-scaled.jpg\"><img loading=\"lazy\" decoding=\"async\" width=\"1024\" height=\"498\" src=\"https:\/\/www.cardelaine.fr\/blog\/wp-content\/uploads\/20230224_125320-1024x498.jpg\" alt=\"matelas bio fabriqu\u00e9 en France \" class=\"wp-image-3056\" srcset=\"https:\/\/www.cardelaine.fr\/blog\/wp-content\/uploads\/20230224_125320-1024x498.jpg 1024w, https:\/\/www.cardelaine.fr\/blog\/wp-content\/uploads\/20230224_125320-300x146.jpg 300w, https:\/\/www.cardelaine.fr\/blog\/wp-content\/uploads\/20230224_125320-150x73.jpg 150w, https:\/\/www.cardelaine.fr\/blog\/wp-content\/uploads\/20230224_125320-768x373.jpg 768w, https:\/\/www.cardelaine.fr\/blog\/wp-content\/uploads\/20230224_125320-1536x747.jpg 1536w, https:\/\/www.cardelaine.fr\/blog\/wp-content\/uploads\/20230224_125320-2048x996.jpg 2048w\" sizes=\"(max-width: 1024px) 100vw, 1024px\" \/><\/a><\/figure>\n\n\n\n<h2 class=\"wp-block-heading\">MADE IN FRANCE<\/h2>\n\n\n\n<p>Tout est fabriqu\u00e9 dans nos ateliers. Un circuit court qui permet de faire du sur-mesure et de personnaliser tous nos <a href=\"https:\/\/cardelaine.fr\/categorie-produit\/catalogue-en-ligne\/matelas-naturels-et-bio\/\" target=\"_blank\" rel=\"noreferrer noopener\">matelas bio<\/a>.<\/p>\n\n\n\n<p><\/p>\n\n\n\n<figure class=\"wp-block-embed is-type-video is-provider-youtube wp-block-embed-youtube wp-embed-aspect-16-9 wp-has-aspect-ratio\"><div class=\"wp-block-embed__wrapper\">\n<iframe loading=\"lazy\" title=\"Toutes les \u00e9tapes de la fabrication d&#039;un matelas en laine bio artisanal.\" width=\"474\" height=\"267\" src=\"https:\/\/www.youtube.com\/embed\/eNZZDApnqJY?feature=oembed\" frameborder=\"0\" allow=\"accelerometer; autoplay; clipboard-write; encrypted-media; gyroscope; picture-in-picture; web-share\" referrerpolicy=\"strict-origin-when-cross-origin\" allowfullscreen><\/iframe>\n<\/div><\/figure>\n\n\n\n<div class=\"wp-block-group alignfull has-text-color has-background\" style=\"color:#000000;background-color:#ffffff\"><div class=\"wp-block-group__inner-container is-layout-flow wp-block-group-is-layout-flow\">\n<div style=\"height:64px\" aria-hidden=\"true\" class=\"wp-block-spacer\"><\/div>\n\n\n\n<p class=\"has-text-align-center has-small-font-size\" style=\"line-height:.9\">Pour en savoir plus !<\/p>\n\n\n\n<h3 class=\"wp-block-heading has-text-align-center\" id=\"schedule-a-visit\" style=\"font-size:34px;line-height:1.15\">Le prix du matelas en laine <\/h3>\n\n\n\n<div class=\"wp-block-buttons is-horizontal is-content-justification-center is-layout-flex wp-container-core-buttons-is-layout-1 wp-block-buttons-is-layout-flex\">\n<div class=\"wp-block-button has-custom-width wp-block-button__width-50\"><a class=\"wp-block-button__link has-text-color has-background wp-element-button\" href=\"https:\/\/cardelaine.fr\/produit\/matelas-laine-bio\/\" style=\"border-radius:50px;color:#ffffff;background-color:#000000\" target=\"_blank\" rel=\"noreferrer noopener\">cliquez ici<\/a><\/div>\n<\/div>\n\n\n\n<div style=\"height:64px\" aria-hidden=\"true\" class=\"wp-block-spacer\"><\/div>\n<\/div><\/div>\n","protected":false},"excerpt":{"rendered":"<p>Quoi de plus beau que de perp\u00e9tuer chez soi une tradition ancestrale avec un bon matelas en laine pour \u00e9quiper la chambre ? Qu&rsquo;il y a-t-il de plus noble que de c\u00e9l\u00e9brer la richesse du patrimoine artisanal des matelassiers fran\u00e7ais \u00e0 travers le matelas en laine de nos a\u00efeux ? Nos matelas bio sont fabriqu\u00e9s &hellip; <a href=\"https:\/\/www.cardelaine.fr\/blog\/le-matelas-en-laine-bio-toujours-tendance\/\" class=\"more-link\">Continuer la lecture de <span class=\"screen-reader-text\">Le matelas en laine bio toujours tendance !<\/span>  <span class=\"meta-nav\">&rarr;<\/span><\/a><\/p>\n","protected":false},"author":1,"featured_media":3050,"comment_status":"closed","ping_status":"closed","sticky":false,"template":"","format":"standard","meta":{"sfsi_plus_gutenberg_text_before_share":"","sfsi_plus_gutenberg_show_text_before_share":"","sfsi_plus_gutenberg_icon_type":"","sfsi_plus_gutenberg_icon_alignemt":"","sfsi_plus_gutenburg_max_per_row":"","footnotes":""},"categories":[1],"tags":[],"_links":{"self":[{"href":"https:\/\/www.cardelaine.fr\/blog\/wp-json\/wp\/v2\/posts\/3053"}],"collection":[{"href":"https:\/\/www.cardelaine.fr\/blog\/wp-json\/wp\/v2\/posts"}],"about":[{"href":"https:\/\/www.cardelaine.fr\/blog\/wp-json\/wp\/v2\/types\/post"}],"author":[{"embeddable":true,"href":"https:\/\/www.cardelaine.fr\/blog\/wp-json\/wp\/v2\/users\/1"}],"replies":[{"embeddable":true,"href":"https:\/\/www.cardelaine.fr\/blog\/wp-json\/wp\/v2\/comments?post=3053"}],"version-history":[{"count":4,"href":"https:\/\/www.cardelaine.fr\/blog\/wp-json\/wp\/v2\/posts\/3053\/revisions"}],"predecessor-version":[{"id":3063,"href":"https:\/\/www.cardelaine.fr\/blog\/wp-json\/wp\/v2\/posts\/3053\/revisions\/3063"}],"wp:featuredmedia":[{"embeddable":true,"href":"https:\/\/www.cardelaine.fr\/blog\/wp-json\/wp\/v2\/media\/3050"}],"wp:attachment":[{"href":"https:\/\/www.cardelaine.fr\/blog\/wp-json\/wp\/v2\/media?parent=3053"}],"wp:term":[{"taxonomy":"category","embeddable":true,"href":"https:\/\/www.cardelaine.fr\/blog\/wp-json\/wp\/v2\/categories?post=3053"},{"taxonomy":"post_tag","embeddable":true,"href":"https:\/\/www.cardelaine.fr\/blog\/wp-json\/wp\/v2\/tags?post=3053"}],"curies":[{"name":"wp","href":"https:\/\/api.w.org\/{rel}","templated":true}]}}