{"id":3049,"date":"2023-06-07T05:19:19","date_gmt":"2023-06-07T04:19:19","guid":{"rendered":"https:\/\/www.cardelaine.fr\/blog\/?p=3049"},"modified":"2023-06-07T05:19:19","modified_gmt":"2023-06-07T04:19:19","slug":"entretenir-son-matelas-en-laine","status":"publish","type":"post","link":"https:\/\/www.cardelaine.fr\/blog\/entretenir-son-matelas-en-laine\/","title":{"rendered":"ENTRETENIR SON MATELAS EN LAINE"},"content":{"rendered":"\n<p>Il est important de garder son matelas en laine et son sommier tapissier toujours propre et sain.<\/p>\n\n\n\n<p>Les mati\u00e8res comme la laine, le crin de cheval ou la laine d\u2019alpagas sont respirants avec des qualit\u00e9s thermiques exceptionnelles mais elles n\u2019emp\u00eachent pas de prendre des pr\u00e9cautions pour augmenter la long\u00e9vit\u00e9 d\u2019utilisation.<\/p>\n\n\n\n<p><strong>Voici quelques astuces et conseils au quotidien pour garantir votre bien-\u00eatre et la durabilit\u00e9 de<a href=\"https:\/\/cardelaine.fr\/categorie-produit\/catalogue-en-ligne\/matelas-naturels-et-bio\/\" target=\"_blank\" rel=\"noreferrer noopener\">&nbsp;votre matelas en laine<\/a>&nbsp; Cardelaine.<\/strong><\/p>\n\n\n\n<figure class=\"wp-block-image size-large\"><a href=\"https:\/\/www.cardelaine.fr\/blog\/wp-content\/uploads\/elene-usdin-matelas-fesse.png\"><img loading=\"lazy\" decoding=\"async\" width=\"1024\" height=\"650\" src=\"https:\/\/www.cardelaine.fr\/blog\/wp-content\/uploads\/elene-usdin-matelas-fesse-1024x650.png\" alt=\"\" class=\"wp-image-3050\" srcset=\"https:\/\/www.cardelaine.fr\/blog\/wp-content\/uploads\/elene-usdin-matelas-fesse-1024x650.png 1024w, https:\/\/www.cardelaine.fr\/blog\/wp-content\/uploads\/elene-usdin-matelas-fesse-300x190.png 300w, https:\/\/www.cardelaine.fr\/blog\/wp-content\/uploads\/elene-usdin-matelas-fesse-150x95.png 150w, https:\/\/www.cardelaine.fr\/blog\/wp-content\/uploads\/elene-usdin-matelas-fesse-768x488.png 768w, https:\/\/www.cardelaine.fr\/blog\/wp-content\/uploads\/elene-usdin-matelas-fesse.png 1279w\" sizes=\"(max-width: 1024px) 100vw, 1024px\" \/><\/a><\/figure>\n\n\n\n<h6 class=\"wp-block-heading\"><strong>A\u00c9RER VOTRE MATELAS EN LAINE.<\/strong><\/h6>\n\n\n\n<p>Il est fortement conseiller d\u2019a\u00e9rer quotidiennement&nbsp;<a href=\"https:\/\/cardelaine.fr\/categorie-produit\/catalogue-en-ligne\/matelas-naturels-et-bio\/\"><strong>votre matelas<\/strong><\/a>&nbsp;Cardelaine, en ouvrant la fen\u00eatre de votre chambre et en ouvrant votre lit : quelques minutes par jour suffisent \u00e0 renouveler l\u2019air de votre chambre.<\/p>\n\n\n\n<p>Il convient \u00e9galement de changer r\u00e9guli\u00e8rement vos draps et de les laver \u00e0 60\u00b0 degr\u00e9s.<\/p>\n\n\n\n<p>Ces habitudes permettent d\u2019\u00e9liminer les sources d\u2019allergies.<\/p>\n\n\n\n<h6 class=\"wp-block-heading\"><strong>RETOURNER VOTRE MATELAS EN LAINE.<\/strong><\/h6>\n\n\n\n<p>il est primordial de retourner r\u00e9guli\u00e8rement votre matelas Cardelaine.<br>Pour tous les matelas retournez le tous les 3 mois, mais inversez le \u00e9galement T\u00eate \/ Pieds.<\/p>\n\n\n\n<p>Il est \u00e9galement important de dormir sur toute la surface du matelas pour permettre une \u00e9galisation optimale de nos garnissages.<\/p>\n\n\n\n<h6 class=\"wp-block-heading\"><strong>PROT\u00c9GER VOTRE MATELAS.<\/strong><\/h6>\n\n\n\n<p>Nous vous conseillons imp\u00e9rativement de prot\u00e9ger votre matelas par une&nbsp;al\u00e8se ou un prot\u00e8ge matelas. Vous \u00e9viterez ainsi toutes salissures ou absorption de l\u2019humidit\u00e9 par les tissus.<\/p>\n\n\n\n<h6 class=\"wp-block-heading\"><strong>L\u2019ASTUCE DE CARDELAINE.<\/strong><\/h6>\n\n\n\n<p>Vous pouvez \u00e9quiper votre matelas d\u2019un sur-matelas matelass\u00e9 en laine de 3\/4cm d\u2019\u00e9paisseur. Lavable, facile d\u2019entretien et \u00e9pais, il prot\u00e8gera encore mieux votre literie tout en augmentant le confort.<\/p>\n","protected":false},"excerpt":{"rendered":"<p>Il est important de garder son matelas en laine et son sommier tapissier toujours propre et sain. Les mati\u00e8res comme la laine, le crin de cheval ou la laine d\u2019alpagas sont respirants avec des qualit\u00e9s thermiques exceptionnelles mais elles n\u2019emp\u00eachent pas de prendre des pr\u00e9cautions pour augmenter la long\u00e9vit\u00e9 d\u2019utilisation. Voici quelques astuces et conseils &hellip; <a href=\"https:\/\/www.cardelaine.fr\/blog\/entretenir-son-matelas-en-laine\/\" class=\"more-link\">Continuer la lecture de <span class=\"screen-reader-text\">ENTRETENIR SON MATELAS EN LAINE<\/span>  <span class=\"meta-nav\">&rarr;<\/span><\/a><\/p>\n","protected":false},"author":1,"featured_media":3051,"comment_status":"closed","ping_status":"closed","sticky":false,"template":"","format":"standard","meta":{"sfsi_plus_gutenberg_text_before_share":"","sfsi_plus_gutenberg_show_text_before_share":"","sfsi_plus_gutenberg_icon_type":"","sfsi_plus_gutenberg_icon_alignemt":"","sfsi_plus_gutenburg_max_per_row":"","footnotes":""},"categories":[1],"tags":[],"_links":{"self":[{"href":"https:\/\/www.cardelaine.fr\/blog\/wp-json\/wp\/v2\/posts\/3049"}],"collection":[{"href":"https:\/\/www.cardelaine.fr\/blog\/wp-json\/wp\/v2\/posts"}],"about":[{"href":"https:\/\/www.cardelaine.fr\/blog\/wp-json\/wp\/v2\/types\/post"}],"author":[{"embeddable":true,"href":"https:\/\/www.cardelaine.fr\/blog\/wp-json\/wp\/v2\/users\/1"}],"replies":[{"embeddable":true,"href":"https:\/\/www.cardelaine.fr\/blog\/wp-json\/wp\/v2\/comments?post=3049"}],"version-history":[{"count":1,"href":"https:\/\/www.cardelaine.fr\/blog\/wp-json\/wp\/v2\/posts\/3049\/revisions"}],"predecessor-version":[{"id":3052,"href":"https:\/\/www.cardelaine.fr\/blog\/wp-json\/wp\/v2\/posts\/3049\/revisions\/3052"}],"wp:featuredmedia":[{"embeddable":true,"href":"https:\/\/www.cardelaine.fr\/blog\/wp-json\/wp\/v2\/media\/3051"}],"wp:attachment":[{"href":"https:\/\/www.cardelaine.fr\/blog\/wp-json\/wp\/v2\/media?parent=3049"}],"wp:term":[{"taxonomy":"category","embeddable":true,"href":"https:\/\/www.cardelaine.fr\/blog\/wp-json\/wp\/v2\/categories?post=3049"},{"taxonomy":"post_tag","embeddable":true,"href":"https:\/\/www.cardelaine.fr\/blog\/wp-json\/wp\/v2\/tags?post=3049"}],"curies":[{"name":"wp","href":"https:\/\/api.w.org\/{rel}","templated":true}]}}