{"id":3019,"date":"2023-05-30T19:56:24","date_gmt":"2023-05-30T18:56:24","guid":{"rendered":"https:\/\/www.cardelaine.fr\/blog\/?p=3019"},"modified":"2024-04-22T05:48:23","modified_gmt":"2024-04-22T04:48:23","slug":"mouton-design","status":"publish","type":"post","link":"https:\/\/www.cardelaine.fr\/blog\/mouton-design\/","title":{"rendered":"Mouton design"},"content":{"rendered":"\n<figure class=\"wp-block-image size-full is-resized\"><a href=\"https:\/\/www.cardelaine.fr\/blog\/wp-content\/uploads\/Mouton-Hans-Peter-Kraft-60cm-blanc-tete.jpg\"><img loading=\"lazy\" decoding=\"async\" src=\"https:\/\/www.cardelaine.fr\/blog\/wp-content\/uploads\/Mouton-Hans-Peter-Kraft-60cm-blanc-tete.jpg\" alt=\"\" class=\"wp-image-3020\" width=\"75\" height=\"75\"\/><\/a><\/figure>\n\n\n\n<p>Adoptez un mouton en peluche de laine. <\/p>\n\n\n\n<p>De 45 \u00e0 80cm de haut !<\/p>\n\n\n\n<p> Avec ce mouton aussi vrai que nature, vous donnerez un petit air champ\u00eatre \u00e0 votre int\u00e9rieur ! <\/p>\n\n\n\n<p>Cr\u00e9\u00e9 par Hanns Peter Krafft en 1982, ce tabouret design compl\u00e8tement d\u00e9cal\u00e9 viendra d\u00e9corer chambre et salon.<\/p>\n\n\n\n<p><a href=\"https:\/\/cardelaine.fr\/produit\/moutons-blanc-decoration-peluche\/\" target=\"_blank\" rel=\"noreferrer noopener\">Mouton blan<\/a>c comme un tabouret design de Hanns Peter Krafft.<\/p>\n\n\n\n<p> Le mouton blanc &#8211; Tabouret &#8211; Hanns Peter Krafft est parfait pour d\u00e9corer une chambre, un bureau ou apporter un petit cot\u00e9 d\u00e9cal\u00e9 \u00e0 votre salon. <\/p>\n\n\n\n<p>Solidement camp\u00e9 sur ses jambes en bois massif, bien prot\u00e9g\u00e9 par son manteau en laine avec des oreilles en cuir.<\/p>\n\n\n\n<p>Un mouton grandeur nature pour traverser les ann\u00e9es et les g\u00e9n\u00e9rations.<\/p>\n\n\n\n<p> Il est recouvert d\u2019une \u00e9paisse fourrure, moelleuse et douce, m\u00e9ticuleusement et solidement fix\u00e9e \u00e0 la main sur un corps en bois massif. <\/p>\n\n\n\n<p>Jambes et t\u00eate en bois massif. <\/p>\n\n\n\n<p><br>Entretien : la fourrure peut \u00eatre nettoy\u00e9e \u00e0 l\u2019eau. Le bois et le cuir sont trait\u00e9s contre l\u2019humidit\u00e9.<\/p>\n\n\n\n<figure class=\"wp-block-gallery has-nested-images columns-default is-cropped wp-block-gallery-1 is-layout-flex wp-block-gallery-is-layout-flex\">\n<figure class=\"wp-block-image size-large\"><a href=\"https:\/\/www.cardelaine.fr\/blog\/wp-content\/uploads\/Mouton-Hans-Peter-Kraft-45cm-blanc-devant.jpg\"><img loading=\"lazy\" decoding=\"async\" width=\"350\" height=\"350\" data-id=\"3022\" src=\"https:\/\/www.cardelaine.fr\/blog\/wp-content\/uploads\/Mouton-Hans-Peter-Kraft-45cm-blanc-devant.jpg\" alt=\"\" class=\"wp-image-3022\" srcset=\"https:\/\/www.cardelaine.fr\/blog\/wp-content\/uploads\/Mouton-Hans-Peter-Kraft-45cm-blanc-devant.jpg 350w, https:\/\/www.cardelaine.fr\/blog\/wp-content\/uploads\/Mouton-Hans-Peter-Kraft-45cm-blanc-devant-300x300.jpg 300w, https:\/\/www.cardelaine.fr\/blog\/wp-content\/uploads\/Mouton-Hans-Peter-Kraft-45cm-blanc-devant-150x150.jpg 150w\" sizes=\"(max-width: 350px) 100vw, 350px\" \/><\/a><\/figure>\n\n\n\n<figure class=\"wp-block-image size-large\"><a href=\"https:\/\/www.cardelaine.fr\/blog\/wp-content\/uploads\/Mouton-Hans-Peter-Kraft-50cm-blanc-tete-levee.jpg\"><img loading=\"lazy\" decoding=\"async\" width=\"350\" height=\"350\" data-id=\"3024\" src=\"https:\/\/www.cardelaine.fr\/blog\/wp-content\/uploads\/Mouton-Hans-Peter-Kraft-50cm-blanc-tete-levee.jpg\" alt=\"\" class=\"wp-image-3024\" srcset=\"https:\/\/www.cardelaine.fr\/blog\/wp-content\/uploads\/Mouton-Hans-Peter-Kraft-50cm-blanc-tete-levee.jpg 350w, https:\/\/www.cardelaine.fr\/blog\/wp-content\/uploads\/Mouton-Hans-Peter-Kraft-50cm-blanc-tete-levee-300x300.jpg 300w, https:\/\/www.cardelaine.fr\/blog\/wp-content\/uploads\/Mouton-Hans-Peter-Kraft-50cm-blanc-tete-levee-150x150.jpg 150w\" sizes=\"(max-width: 350px) 100vw, 350px\" \/><\/a><\/figure>\n\n\n\n<figure class=\"wp-block-image size-large\"><a href=\"https:\/\/www.cardelaine.fr\/blog\/wp-content\/uploads\/Mouton-Hans-Peter-Kraft-60cm-blanc-devant.jpg\"><img loading=\"lazy\" decoding=\"async\" width=\"350\" height=\"350\" data-id=\"3026\" src=\"https:\/\/www.cardelaine.fr\/blog\/wp-content\/uploads\/Mouton-Hans-Peter-Kraft-60cm-blanc-devant.jpg\" alt=\"\" class=\"wp-image-3026\" srcset=\"https:\/\/www.cardelaine.fr\/blog\/wp-content\/uploads\/Mouton-Hans-Peter-Kraft-60cm-blanc-devant.jpg 350w, https:\/\/www.cardelaine.fr\/blog\/wp-content\/uploads\/Mouton-Hans-Peter-Kraft-60cm-blanc-devant-300x300.jpg 300w, https:\/\/www.cardelaine.fr\/blog\/wp-content\/uploads\/Mouton-Hans-Peter-Kraft-60cm-blanc-devant-150x150.jpg 150w\" sizes=\"(max-width: 350px) 100vw, 350px\" \/><\/a><\/figure>\n\n\n\n<figure class=\"wp-block-image size-large\"><a href=\"https:\/\/www.cardelaine.fr\/blog\/wp-content\/uploads\/Mouton-Hans-Peter-Kraft-60cm-blanc-tete-1.jpg\"><img loading=\"lazy\" decoding=\"async\" width=\"86\" height=\"86\" data-id=\"3025\" src=\"https:\/\/www.cardelaine.fr\/blog\/wp-content\/uploads\/Mouton-Hans-Peter-Kraft-60cm-blanc-tete-1.jpg\" alt=\"\" class=\"wp-image-3025\"\/><\/a><\/figure>\n\n\n\n<figure class=\"wp-block-image size-large\"><a href=\"https:\/\/www.cardelaine.fr\/blog\/wp-content\/uploads\/Mouton-Hans-Peter-Kraft-60cm-noir-devant.jpg\"><img loading=\"lazy\" decoding=\"async\" width=\"350\" height=\"350\" data-id=\"3023\" src=\"https:\/\/www.cardelaine.fr\/blog\/wp-content\/uploads\/Mouton-Hans-Peter-Kraft-60cm-noir-devant.jpg\" alt=\"\" class=\"wp-image-3023\" srcset=\"https:\/\/www.cardelaine.fr\/blog\/wp-content\/uploads\/Mouton-Hans-Peter-Kraft-60cm-noir-devant.jpg 350w, https:\/\/www.cardelaine.fr\/blog\/wp-content\/uploads\/Mouton-Hans-Peter-Kraft-60cm-noir-devant-300x300.jpg 300w, https:\/\/www.cardelaine.fr\/blog\/wp-content\/uploads\/Mouton-Hans-Peter-Kraft-60cm-noir-devant-150x150.jpg 150w\" sizes=\"(max-width: 350px) 100vw, 350px\" \/><\/a><\/figure>\n\n\n\n<figure class=\"wp-block-image size-large\"><a href=\"https:\/\/www.cardelaine.fr\/blog\/wp-content\/uploads\/Mouton-Hans-Peter-Kraft-60cm-noir-tete.jpg\"><img loading=\"lazy\" decoding=\"async\" width=\"475\" height=\"475\" data-id=\"3021\" src=\"https:\/\/www.cardelaine.fr\/blog\/wp-content\/uploads\/Mouton-Hans-Peter-Kraft-60cm-noir-tete.jpg\" alt=\"\" class=\"wp-image-3021\" srcset=\"https:\/\/www.cardelaine.fr\/blog\/wp-content\/uploads\/Mouton-Hans-Peter-Kraft-60cm-noir-tete.jpg 475w, https:\/\/www.cardelaine.fr\/blog\/wp-content\/uploads\/Mouton-Hans-Peter-Kraft-60cm-noir-tete-300x300.jpg 300w, https:\/\/www.cardelaine.fr\/blog\/wp-content\/uploads\/Mouton-Hans-Peter-Kraft-60cm-noir-tete-150x150.jpg 150w\" sizes=\"(max-width: 475px) 100vw, 475px\" \/><\/a><\/figure>\n\n\n\n<figure class=\"wp-block-image size-large\"><a href=\"https:\/\/www.cardelaine.fr\/blog\/wp-content\/uploads\/Mouton-Hans-Peter-Kraft-80cm-blanc-tete-baissee-tete.jpg\"><img loading=\"lazy\" decoding=\"async\" width=\"475\" height=\"475\" data-id=\"3029\" src=\"https:\/\/www.cardelaine.fr\/blog\/wp-content\/uploads\/Mouton-Hans-Peter-Kraft-80cm-blanc-tete-baissee-tete.jpg\" alt=\"\" class=\"wp-image-3029\" srcset=\"https:\/\/www.cardelaine.fr\/blog\/wp-content\/uploads\/Mouton-Hans-Peter-Kraft-80cm-blanc-tete-baissee-tete.jpg 475w, https:\/\/www.cardelaine.fr\/blog\/wp-content\/uploads\/Mouton-Hans-Peter-Kraft-80cm-blanc-tete-baissee-tete-300x300.jpg 300w, https:\/\/www.cardelaine.fr\/blog\/wp-content\/uploads\/Mouton-Hans-Peter-Kraft-80cm-blanc-tete-baissee-tete-150x150.jpg 150w\" sizes=\"(max-width: 475px) 100vw, 475px\" \/><\/a><\/figure>\n\n\n\n<figure class=\"wp-block-image size-large\"><a href=\"https:\/\/www.cardelaine.fr\/blog\/wp-content\/uploads\/Mouton-Hans-Peter-Kraft-80cm-blanc-tete-baissee.jpg\"><img loading=\"lazy\" decoding=\"async\" width=\"350\" height=\"350\" data-id=\"3027\" src=\"https:\/\/www.cardelaine.fr\/blog\/wp-content\/uploads\/Mouton-Hans-Peter-Kraft-80cm-blanc-tete-baissee.jpg\" alt=\"\" class=\"wp-image-3027\" srcset=\"https:\/\/www.cardelaine.fr\/blog\/wp-content\/uploads\/Mouton-Hans-Peter-Kraft-80cm-blanc-tete-baissee.jpg 350w, https:\/\/www.cardelaine.fr\/blog\/wp-content\/uploads\/Mouton-Hans-Peter-Kraft-80cm-blanc-tete-baissee-300x300.jpg 300w, https:\/\/www.cardelaine.fr\/blog\/wp-content\/uploads\/Mouton-Hans-Peter-Kraft-80cm-blanc-tete-baissee-150x150.jpg 150w\" sizes=\"(max-width: 350px) 100vw, 350px\" \/><\/a><\/figure>\n\n\n\n<figure class=\"wp-block-image size-large\"><a href=\"https:\/\/www.cardelaine.fr\/blog\/wp-content\/uploads\/Mouton-Hans-Peter-Kraft-80cm-blanc-tete.jpg\"><img loading=\"lazy\" decoding=\"async\" width=\"475\" height=\"475\" data-id=\"3028\" src=\"https:\/\/www.cardelaine.fr\/blog\/wp-content\/uploads\/Mouton-Hans-Peter-Kraft-80cm-blanc-tete.jpg\" alt=\"\" class=\"wp-image-3028\" srcset=\"https:\/\/www.cardelaine.fr\/blog\/wp-content\/uploads\/Mouton-Hans-Peter-Kraft-80cm-blanc-tete.jpg 475w, https:\/\/www.cardelaine.fr\/blog\/wp-content\/uploads\/Mouton-Hans-Peter-Kraft-80cm-blanc-tete-300x300.jpg 300w, https:\/\/www.cardelaine.fr\/blog\/wp-content\/uploads\/Mouton-Hans-Peter-Kraft-80cm-blanc-tete-150x150.jpg 150w\" sizes=\"(max-width: 475px) 100vw, 475px\" \/><\/a><\/figure>\n\n\n\n<figure class=\"wp-block-image size-large\"><a href=\"https:\/\/www.cardelaine.fr\/blog\/wp-content\/uploads\/Mouton-Hans-Peter-Kraft-80cm-blanc.jpg\"><img loading=\"lazy\" decoding=\"async\" width=\"350\" height=\"350\" data-id=\"3030\" src=\"https:\/\/www.cardelaine.fr\/blog\/wp-content\/uploads\/Mouton-Hans-Peter-Kraft-80cm-blanc.jpg\" alt=\"\" class=\"wp-image-3030\" srcset=\"https:\/\/www.cardelaine.fr\/blog\/wp-content\/uploads\/Mouton-Hans-Peter-Kraft-80cm-blanc.jpg 350w, https:\/\/www.cardelaine.fr\/blog\/wp-content\/uploads\/Mouton-Hans-Peter-Kraft-80cm-blanc-300x300.jpg 300w, https:\/\/www.cardelaine.fr\/blog\/wp-content\/uploads\/Mouton-Hans-Peter-Kraft-80cm-blanc-150x150.jpg 150w\" sizes=\"(max-width: 350px) 100vw, 350px\" \/><\/a><\/figure>\n<\/figure>\n\n\n\n<div class=\"wp-block-buttons is-layout-flex wp-block-buttons-is-layout-flex\">\n<div class=\"wp-block-button\"><a class=\"wp-block-button__link wp-element-button\" href=\"https:\/\/cardelaine.fr\/produit\/moutons-blanc-decoration-peluche\/\" target=\"_blank\" rel=\"noreferrer noopener\">En savoir plus <\/a><\/div>\n<\/div>\n","protected":false},"excerpt":{"rendered":"<p>Adoptez un mouton en peluche de laine. De 45 \u00e0 80cm de haut ! Avec ce mouton aussi vrai que nature, vous donnerez un petit air champ\u00eatre \u00e0 votre int\u00e9rieur ! Cr\u00e9\u00e9 par Hanns Peter Krafft en 1982, ce tabouret design compl\u00e8tement d\u00e9cal\u00e9 viendra d\u00e9corer chambre et salon. Mouton blanc comme un tabouret design de &hellip; <a href=\"https:\/\/www.cardelaine.fr\/blog\/mouton-design\/\" class=\"more-link\">Continuer la lecture de <span class=\"screen-reader-text\">Mouton design<\/span>  <span class=\"meta-nav\">&rarr;<\/span><\/a><\/p>\n","protected":false},"author":1,"featured_media":3020,"comment_status":"closed","ping_status":"closed","sticky":false,"template":"","format":"standard","meta":{"sfsi_plus_gutenberg_text_before_share":"","sfsi_plus_gutenberg_show_text_before_share":"","sfsi_plus_gutenberg_icon_type":"","sfsi_plus_gutenberg_icon_alignemt":"","sfsi_plus_gutenburg_max_per_row":"","footnotes":""},"categories":[1],"tags":[1141],"_links":{"self":[{"href":"https:\/\/www.cardelaine.fr\/blog\/wp-json\/wp\/v2\/posts\/3019"}],"collection":[{"href":"https:\/\/www.cardelaine.fr\/blog\/wp-json\/wp\/v2\/posts"}],"about":[{"href":"https:\/\/www.cardelaine.fr\/blog\/wp-json\/wp\/v2\/types\/post"}],"author":[{"embeddable":true,"href":"https:\/\/www.cardelaine.fr\/blog\/wp-json\/wp\/v2\/users\/1"}],"replies":[{"embeddable":true,"href":"https:\/\/www.cardelaine.fr\/blog\/wp-json\/wp\/v2\/comments?post=3019"}],"version-history":[{"count":5,"href":"https:\/\/www.cardelaine.fr\/blog\/wp-json\/wp\/v2\/posts\/3019\/revisions"}],"predecessor-version":[{"id":3064,"href":"https:\/\/www.cardelaine.fr\/blog\/wp-json\/wp\/v2\/posts\/3019\/revisions\/3064"}],"wp:featuredmedia":[{"embeddable":true,"href":"https:\/\/www.cardelaine.fr\/blog\/wp-json\/wp\/v2\/media\/3020"}],"wp:attachment":[{"href":"https:\/\/www.cardelaine.fr\/blog\/wp-json\/wp\/v2\/media?parent=3019"}],"wp:term":[{"taxonomy":"category","embeddable":true,"href":"https:\/\/www.cardelaine.fr\/blog\/wp-json\/wp\/v2\/categories?post=3019"},{"taxonomy":"post_tag","embeddable":true,"href":"https:\/\/www.cardelaine.fr\/blog\/wp-json\/wp\/v2\/tags?post=3019"}],"curies":[{"name":"wp","href":"https:\/\/api.w.org\/{rel}","templated":true}]}}