{"id":2657,"date":"2021-07-04T09:05:05","date_gmt":"2021-07-04T08:05:05","guid":{"rendered":"http:\/\/www.cardelaine.fr\/blog\/?p=2657"},"modified":"2021-07-04T09:05:05","modified_gmt":"2021-07-04T08:05:05","slug":"matelas-bebe-certifie-nf-by-nidlit","status":"publish","type":"post","link":"https:\/\/www.cardelaine.fr\/blog\/matelas-bebe-certifie-nf-by-nidlit\/","title":{"rendered":"Matelas b\u00e9b\u00e9 certifi\u00e9 NF by Nid&rsquo;Lit"},"content":{"rendered":"<blockquote class=\"instagram-media\" style=\"background: #FFF; border: 0; border-radius: 3px; box-shadow: 0 0 1px 0 rgba(0,0,0,0.5),0 1px 10px 0 rgba(0,0,0,0.15); margin: 1px; max-width: 540px; min-width: 326px; padding: 0; width: calc(100% - 2px);\" data-instgrm-captioned=\"\" data-instgrm-permalink=\"https:\/\/www.instagram.com\/p\/CQu8l9JldbB\/?utm_source=ig_embed&amp;utm_campaign=loading\" data-instgrm-version=\"13\">\n<div style=\"padding: 16px;\">\n<div style=\"display: flex; flex-direction: row; align-items: center;\"><\/div>\n<div style=\"padding: 19% 0;\"><\/div>\n<div style=\"display: block; height: 50px; margin: 0 auto 12px; width: 50px;\"><\/div>\n<div style=\"padding-top: 8px;\">\n<div style=\"color: #3897f0; font-family: Arial,sans-serif; font-size: 14px; font-style: normal; font-weight: 550; line-height: 18px;\">Voir cette publication sur Instagram<\/div>\n<\/div>\n<p style=\"color: #c9c8cd; font-family: Arial,sans-serif; font-size: 14px; line-height: 17px; margin-bottom: 0; margin-top: 8px; overflow: hidden; padding: 8px 0 7px; text-align: center; text-overflow: ellipsis; white-space: nowrap;\"><a style=\"color: #c9c8cd; font-family: Arial,sans-serif; font-size: 14px; font-style: normal; font-weight: normal; line-height: 17px; text-decoration: none;\" href=\"https:\/\/www.instagram.com\/p\/CQu8l9JldbB\/?utm_source=ig_embed&amp;utm_campaign=loading\" target=\"_blank\" rel=\"noopener noreferrer\">Une publication partag\u00e9e par Jean-Michel Brissay-Ch\u00e2tre (@cardelaine1838)<\/a><\/p>\n<\/div>\n<\/blockquote>\n<p><script async src=\"\/\/www.instagram.com\/embed.js\"><\/script><\/p>\n<p>Premi\u00e8re s\u00e9rie de matelas bio pour \u00e9quiper les lits pour cr\u00e8ches innovants cr\u00e9\u00e9s par Nid&rsquo;lit.<\/p>\n<p><strong>Certifi\u00e9s NF<\/strong> apr\u00e8s plus d&rsquo;un an de d\u00e9marches, les lits et les matelas r\u00e9pondent aux normes actuelles tout en \u00e9tant compos\u00e9s de mat\u00e9riaux naturels.<\/p>\n<p>Tout est imagin\u00e9 pour le bien-\u00eatre de b\u00e9b\u00e9.<\/p>\n<p>Les lits seront prochainement pr\u00e9sent\u00e9s au salon MadeinFrance pour leur caract\u00e8re unique.<\/p>\n<p>De plus les matelas b\u00e9b\u00e9 bio sont 100% v\u00e9g\u00e9tal. Un choix d\u00e9termin\u00e9 par la recherche de confort, le respect environnemental et les normes.<\/p>\n<p>Le\u00a0c\u0153ur\u00a0du matelas est en crin lat\u00e9x\u00e9. Un cocolatex de densit\u00e9 ferme pour structurer le couchage. Le garnissage est en coton bio termin\u00e9 par un aiguillet\u00e9 de coton pour apporter de la douceur.<\/p>\n<p>&nbsp;<\/p>\n","protected":false},"excerpt":{"rendered":"<p>Voir cette publication sur Instagram Une publication partag\u00e9e par Jean-Michel Brissay-Ch\u00e2tre (@cardelaine1838) Premi\u00e8re s\u00e9rie de matelas bio pour \u00e9quiper les lits pour cr\u00e8ches innovants cr\u00e9\u00e9s par Nid&rsquo;lit. Certifi\u00e9s NF apr\u00e8s plus d&rsquo;un an de d\u00e9marches, les lits et les matelas r\u00e9pondent aux normes actuelles tout en \u00e9tant compos\u00e9s de mat\u00e9riaux naturels. Tout est imagin\u00e9 pour &hellip; <a href=\"https:\/\/www.cardelaine.fr\/blog\/matelas-bebe-certifie-nf-by-nidlit\/\" class=\"more-link\">Continuer la lecture de <span class=\"screen-reader-text\">Matelas b\u00e9b\u00e9 certifi\u00e9 NF by Nid&rsquo;Lit<\/span>  <span class=\"meta-nav\">&rarr;<\/span><\/a><\/p>\n","protected":false},"author":1,"featured_media":2658,"comment_status":"closed","ping_status":"closed","sticky":false,"template":"","format":"standard","meta":{"sfsi_plus_gutenberg_text_before_share":"","sfsi_plus_gutenberg_show_text_before_share":"","sfsi_plus_gutenberg_icon_type":"","sfsi_plus_gutenberg_icon_alignemt":"","sfsi_plus_gutenburg_max_per_row":"","footnotes":""},"categories":[1],"tags":[],"_links":{"self":[{"href":"https:\/\/www.cardelaine.fr\/blog\/wp-json\/wp\/v2\/posts\/2657"}],"collection":[{"href":"https:\/\/www.cardelaine.fr\/blog\/wp-json\/wp\/v2\/posts"}],"about":[{"href":"https:\/\/www.cardelaine.fr\/blog\/wp-json\/wp\/v2\/types\/post"}],"author":[{"embeddable":true,"href":"https:\/\/www.cardelaine.fr\/blog\/wp-json\/wp\/v2\/users\/1"}],"replies":[{"embeddable":true,"href":"https:\/\/www.cardelaine.fr\/blog\/wp-json\/wp\/v2\/comments?post=2657"}],"version-history":[{"count":1,"href":"https:\/\/www.cardelaine.fr\/blog\/wp-json\/wp\/v2\/posts\/2657\/revisions"}],"predecessor-version":[{"id":2659,"href":"https:\/\/www.cardelaine.fr\/blog\/wp-json\/wp\/v2\/posts\/2657\/revisions\/2659"}],"wp:featuredmedia":[{"embeddable":true,"href":"https:\/\/www.cardelaine.fr\/blog\/wp-json\/wp\/v2\/media\/2658"}],"wp:attachment":[{"href":"https:\/\/www.cardelaine.fr\/blog\/wp-json\/wp\/v2\/media?parent=2657"}],"wp:term":[{"taxonomy":"category","embeddable":true,"href":"https:\/\/www.cardelaine.fr\/blog\/wp-json\/wp\/v2\/categories?post=2657"},{"taxonomy":"post_tag","embeddable":true,"href":"https:\/\/www.cardelaine.fr\/blog\/wp-json\/wp\/v2\/tags?post=2657"}],"curies":[{"name":"wp","href":"https:\/\/api.w.org\/{rel}","templated":true}]}}