{"id":2642,"date":"2021-05-15T06:02:25","date_gmt":"2021-05-15T05:02:25","guid":{"rendered":"http:\/\/www.cardelaine.fr\/blog\/?p=2642"},"modified":"2021-05-15T06:21:34","modified_gmt":"2021-05-15T05:21:34","slug":"a-lancienne","status":"publish","type":"post","link":"https:\/\/www.cardelaine.fr\/blog\/a-lancienne\/","title":{"rendered":"A l&rsquo;ancienne!"},"content":{"rendered":"<p>Cardelaine travaille r\u00e9guli\u00e8rement avec des institutions\u00a0 pour pr\u00e9server et valoriser dans son domaine, la richesse culturelle de notre patrimoine.<\/p>\n<p>Une d\u00e9marche qui permet de sauvegarder et transmettre un savoir-faire aux futures g\u00e9n\u00e9rations.<\/p>\n<p>Nous intervenons dans\u00a0un cadre de restauration mais aussi pour des reconstitutions historiques.<\/p>\n<p>En fonction des \u00e9poques, de la situation g\u00e9ographique, nous proc\u00e9dons par plusieurs \u00e9tapes qui commencent toujours par des recherches historiques et techniques.<\/p>\n<p>Actuellement nous reconstituons un ensemble literie de garnison selon les crit\u00e8res pr\u00e9cis du XVIII \u00e8me si\u00e8cle indiqu\u00e9s dans un cahier des charges de l&rsquo;\u00e9poque.<\/p>\n<p>A chaque fois, un nouveau challenge !<\/p>\n<p>&nbsp;<\/p>\n<p>&nbsp;<\/p>\n<blockquote class=\"instagram-media\" style=\"background: #FFF; border: 0; border-radius: 3px; box-shadow: 0 0 1px 0 rgba(0,0,0,0.5),0 1px 10px 0 rgba(0,0,0,0.15); margin: 1px; max-width: 540px; min-width: 326px; padding: 0; width: calc(100% - 2px);\" data-instgrm-captioned=\"\" data-instgrm-permalink=\"https:\/\/www.instagram.com\/p\/COx7MTTFiCr\/?utm_source=ig_embed&amp;utm_campaign=loading\" data-instgrm-version=\"13\">\n<div style=\"padding: 16px;\">\n<p>&nbsp;<\/p>\n<div style=\"display: flex; flex-direction: row; align-items: center;\"><\/div>\n<div style=\"padding: 19% 0;\"><\/div>\n<div style=\"display: block; height: 50px; margin: 0 auto 12px; width: 50px;\"><\/div>\n<div style=\"padding-top: 8px;\">\n<div style=\"color: #3897f0; font-family: Arial,sans-serif; font-size: 14px; font-style: normal; font-weight: 550; line-height: 18px;\">Voir cette publication sur Instagram<\/div>\n<\/div>\n<div style=\"padding: 12.5% 0;\"><\/div>\n<div style=\"display: flex; flex-direction: row; margin-bottom: 14px; align-items: center;\"><\/div>\n<div style=\"display: flex; flex-direction: column; flex-grow: 1; justify-content: center; margin-bottom: 24px;\"><\/div>\n<p>&nbsp;<\/p>\n<p style=\"color: #c9c8cd; font-family: Arial,sans-serif; font-size: 14px; line-height: 17px; margin-bottom: 0; margin-top: 8px; overflow: hidden; padding: 8px 0 7px; text-align: center; text-overflow: ellipsis; white-space: nowrap;\"><a style=\"color: #c9c8cd; font-family: Arial,sans-serif; font-size: 14px; font-style: normal; font-weight: normal; line-height: 17px; text-decoration: none;\" href=\"https:\/\/www.instagram.com\/p\/COx7MTTFiCr\/?utm_source=ig_embed&amp;utm_campaign=loading\" target=\"_blank\" rel=\"noopener noreferrer\">Une publication partag\u00e9e par Jean-Michel Brissay-Ch\u00e2tre (@cardelaine1838)<\/a><\/p>\n<\/div>\n<\/blockquote>\n<p><script async src=\"\/\/www.instagram.com\/embed.js\"><\/script><\/p>\n","protected":false},"excerpt":{"rendered":"<p>Cardelaine travaille r\u00e9guli\u00e8rement avec des institutions\u00a0 pour pr\u00e9server et valoriser dans son domaine, la richesse culturelle de notre patrimoine. Une d\u00e9marche qui permet de sauvegarder et transmettre un savoir-faire aux futures g\u00e9n\u00e9rations. Nous intervenons dans\u00a0un cadre de restauration mais aussi pour des reconstitutions historiques. En fonction des \u00e9poques, de la situation g\u00e9ographique, nous proc\u00e9dons par &hellip; <a href=\"https:\/\/www.cardelaine.fr\/blog\/a-lancienne\/\" class=\"more-link\">Continuer la lecture de <span class=\"screen-reader-text\">A l&rsquo;ancienne!<\/span>  <span class=\"meta-nav\">&rarr;<\/span><\/a><\/p>\n","protected":false},"author":1,"featured_media":2229,"comment_status":"closed","ping_status":"closed","sticky":false,"template":"","format":"standard","meta":{"sfsi_plus_gutenberg_text_before_share":"","sfsi_plus_gutenberg_show_text_before_share":"","sfsi_plus_gutenberg_icon_type":"","sfsi_plus_gutenberg_icon_alignemt":"","sfsi_plus_gutenburg_max_per_row":"","footnotes":""},"categories":[1],"tags":[],"_links":{"self":[{"href":"https:\/\/www.cardelaine.fr\/blog\/wp-json\/wp\/v2\/posts\/2642"}],"collection":[{"href":"https:\/\/www.cardelaine.fr\/blog\/wp-json\/wp\/v2\/posts"}],"about":[{"href":"https:\/\/www.cardelaine.fr\/blog\/wp-json\/wp\/v2\/types\/post"}],"author":[{"embeddable":true,"href":"https:\/\/www.cardelaine.fr\/blog\/wp-json\/wp\/v2\/users\/1"}],"replies":[{"embeddable":true,"href":"https:\/\/www.cardelaine.fr\/blog\/wp-json\/wp\/v2\/comments?post=2642"}],"version-history":[{"count":4,"href":"https:\/\/www.cardelaine.fr\/blog\/wp-json\/wp\/v2\/posts\/2642\/revisions"}],"predecessor-version":[{"id":2646,"href":"https:\/\/www.cardelaine.fr\/blog\/wp-json\/wp\/v2\/posts\/2642\/revisions\/2646"}],"wp:featuredmedia":[{"embeddable":true,"href":"https:\/\/www.cardelaine.fr\/blog\/wp-json\/wp\/v2\/media\/2229"}],"wp:attachment":[{"href":"https:\/\/www.cardelaine.fr\/blog\/wp-json\/wp\/v2\/media?parent=2642"}],"wp:term":[{"taxonomy":"category","embeddable":true,"href":"https:\/\/www.cardelaine.fr\/blog\/wp-json\/wp\/v2\/categories?post=2642"},{"taxonomy":"post_tag","embeddable":true,"href":"https:\/\/www.cardelaine.fr\/blog\/wp-json\/wp\/v2\/tags?post=2642"}],"curies":[{"name":"wp","href":"https:\/\/api.w.org\/{rel}","templated":true}]}}